{"id":1246,"date":"2021-02-11T08:43:09","date_gmt":"2021-02-11T08:43:09","guid":{"rendered":"http:\/\/www.afamarquesdelapobla.org\/wp\/?p=1246"},"modified":"2021-04-20T20:39:21","modified_gmt":"2021-04-20T20:39:21","slug":"assemblea-general-ordinaria-2021","status":"publish","type":"post","link":"http:\/\/www.afamarquesdelapobla.org\/wp\/2021\/02\/11\/assemblea-general-ordinaria-2021\/","title":{"rendered":"Assemblea General Ordin\u00e0ria 2021"},"content":{"rendered":"\n<figure class=\"wp-block-image size-large\"><img loading=\"lazy\" decoding=\"async\" width=\"1024\" height=\"576\" src=\"http:\/\/www.afamarquesdelapobla.org\/wp\/wp-content\/uploads\/2021\/02\/assemblea-2021-1024x576.jpg\" alt=\"\" class=\"wp-image-1248\" srcset=\"http:\/\/www.afamarquesdelapobla.org\/wp\/wp-content\/uploads\/2021\/02\/assemblea-2021-1024x576.jpg 1024w, http:\/\/www.afamarquesdelapobla.org\/wp\/wp-content\/uploads\/2021\/02\/assemblea-2021-300x169.jpg 300w, http:\/\/www.afamarquesdelapobla.org\/wp\/wp-content\/uploads\/2021\/02\/assemblea-2021-768x432.jpg 768w, http:\/\/www.afamarquesdelapobla.org\/wp\/wp-content\/uploads\/2021\/02\/assemblea-2021-1536x864.jpg 1536w, http:\/\/www.afamarquesdelapobla.org\/wp\/wp-content\/uploads\/2021\/02\/assemblea-2021-scaled.jpg 2048w, http:\/\/www.afamarquesdelapobla.org\/wp\/wp-content\/uploads\/2021\/02\/assemblea-2021-533x300.jpg 533w\" sizes=\"auto, (max-width: 1024px) 100vw, 1024px\" \/><\/figure>\n\n\n\n<p class=\"has-text-align-left\">El passat dijous 4 de Febrer es va dur a terme l\u2019assemblea General Ordinari de l\u2019AFA per a totes les fam\u00edlies s\u00f2cies. Degut a l\u2019actual context de pand\u00e8mia, es va celebrar de manera telem\u00e0tica amb la participaci\u00f3 de 33 fam\u00edlies. Som conscients que no podem parlar d\u2019una alta participaci\u00f3 (33 fam\u00edlies) i treballarem per procurar una major assist\u00e8ncia a les seg\u00fcents trobades, per\u00f2 tot i aix\u00ed podem parlar d\u2019un augment de participaci\u00f3 d\u2019un 400% respecte a la darrera assemblea.<\/p>\n\n\n\n<p>Un dels punts m\u00e9s importants que es van tractar i es va aprovar per unanimitat, va ser el canvi de Junta. Enguany, les persones que han estat treballant durant varis cursos a l\u2019AFA acaben una etapa. Agra\u00efm molt la seva tasca i estima per l\u2019escola. Aquestes persones s\u00f3n:<\/p>\n\n\n\n<ul class=\"wp-block-list\"><li>Jordi Balcells (president)<\/li><li>Samuel Gonz\u00e1lez (Tresorer)<\/li><li>\u00c0ngel Bresc\u00f3s (Secretari)<\/li><li>Loli P\u00e9rez (Vocal)<\/li><\/ul>\n\n\n\n<p>Les persones que entomem el relleu som:<\/p>\n\n\n\n<ul class=\"wp-block-list\"><li>Laura Moreno (Presidenta)<\/li><li>Meritxell Casal (Vicepresidenta)<\/li><li>Carola Bisbal (Secret\u00e0ria)<\/li><li>David Lara (Tresorer)<\/li><li>Joan Serra (Vocal)<\/li><li>Maria Rosa Corral (Vocal)<\/li><li>Sandra Carrillo (Vocal)<\/li><li>Mireia Font (Vocal)<\/li><li>Marisol Cuevas (Vocal)<\/li><li>Violeta Mata (Vocal)<\/li><\/ul>\n\n\n\n<p>Pel que fa als estatuts es van votar i aprovar tres esmenes:<\/p>\n\n\n\n<ul class=\"wp-block-list\"><li>Nova denominaci\u00f3 AFA: Associaci\u00f3 de Mares i Pares d\u2019Alumnes per Associaci\u00f3 de Fam\u00edlies d\u2019alumnes, com a concepte inclusiu de les persones que en formen part.<\/li><li>Canvi en la durada c\u00e0rrecs: fins ara&nbsp; eren de dos anys i s\u2019aprova que siguin de&nbsp; quatre..<\/li><li>Establir reunions telem\u00e0tiques com alternatives a les reunions presencials.<\/li><\/ul>\n\n\n\n<p>Tal i com s\u2019ha fet durant els \u00faltims anys, es va explicar com funciona l\u2019AFA i els seus eixos transversals, les comissions, els serveis que s\u2019hi ofereixen, les aportacions i beneficis que tenen les fam\u00edlies sent s\u00f2cies, les extraescolars, els projectes i activitats anuals, la nova aplicaci\u00f3 per a pagaments i comunicacions TPV,&nbsp; etc.<\/p>\n\n\n\n<p>Per qualsevol dubte, aportaci\u00f3 o inquietud no dubteu en posar-vos en contacte amb nosaltres a trav\u00e9s de l\u2019adre\u00e7a de correu <a href=\"mailto:afamarquesdelapobla@afamarquesdelapobla.org\">afamarquesdelapobla@afamarquesdelapobla.org<\/a>. Tota la informaci\u00f3 m\u00e9s detallada es pot trobar al nostre blog <a href=\"http:\/\/www.afamarquesdelapobla.org\/wp\/\">http:\/\/www.afamarquesdelapobla.org<\/a>.<\/p>\n\n\n\n<p>Podeu trobar la presentaci\u00f3 de l&#8217;Assemblea clicant <a href=\"http:\/\/www.afamarquesdelapobla.org\/wp\/assemblea-general\/\" data-type=\"page\" data-id=\"1176\">aqu\u00ed. <\/a><\/p>\n","protected":false},"excerpt":{"rendered":"<p>El passat dijous 4 de Febrer es va dur a terme l\u2019assemblea General Ordinari de l\u2019AFA per a totes les fam\u00edlies s\u00f2cies. Degut a l\u2019actual context de pand\u00e8mia, es va celebrar de manera telem\u00e0tica amb la participaci\u00f3 de 33 fam\u00edlies. Som conscients que no podem parlar d\u2019una alta participaci\u00f3 (33 fam\u00edlies) i treballarem per procurar&hellip; <a class=\"more-link\" href=\"http:\/\/www.afamarquesdelapobla.org\/wp\/2021\/02\/11\/assemblea-general-ordinaria-2021\/\">Read More <span class=\"screen-reader-text\">Assemblea General Ordin\u00e0ria 2021<\/span><\/a><\/p>\n","protected":false},"author":1,"featured_media":1248,"comment_status":"open","ping_status":"open","sticky":false,"template":"","format":"standard","meta":{"footnotes":""},"categories":[1],"tags":[38,31],"class_list":["post-1246","post","type-post","status-publish","format-standard","has-post-thumbnail","hentry","category-general","tag-afa","tag-assemblea"],"jetpack_featured_media_url":"http:\/\/www.afamarquesdelapobla.org\/wp\/wp-content\/uploads\/2021\/02\/assemblea-2021-scaled.jpg","_links":{"self":[{"href":"http:\/\/www.afamarquesdelapobla.org\/wp\/wp-json\/wp\/v2\/posts\/1246","targetHints":{"allow":["GET"]}}],"collection":[{"href":"http:\/\/www.afamarquesdelapobla.org\/wp\/wp-json\/wp\/v2\/posts"}],"about":[{"href":"http:\/\/www.afamarquesdelapobla.org\/wp\/wp-json\/wp\/v2\/types\/post"}],"author":[{"embeddable":true,"href":"http:\/\/www.afamarquesdelapobla.org\/wp\/wp-json\/wp\/v2\/users\/1"}],"replies":[{"embeddable":true,"href":"http:\/\/www.afamarquesdelapobla.org\/wp\/wp-json\/wp\/v2\/comments?post=1246"}],"version-history":[{"count":0,"href":"http:\/\/www.afamarquesdelapobla.org\/wp\/wp-json\/wp\/v2\/posts\/1246\/revisions"}],"wp:featuredmedia":[{"embeddable":true,"href":"http:\/\/www.afamarquesdelapobla.org\/wp\/wp-json\/wp\/v2\/media\/1248"}],"wp:attachment":[{"href":"http:\/\/www.afamarquesdelapobla.org\/wp\/wp-json\/wp\/v2\/media?parent=1246"}],"wp:term":[{"taxonomy":"category","embeddable":true,"href":"http:\/\/www.afamarquesdelapobla.org\/wp\/wp-json\/wp\/v2\/categories?post=1246"},{"taxonomy":"post_tag","embeddable":true,"href":"http:\/\/www.afamarquesdelapobla.org\/wp\/wp-json\/wp\/v2\/tags?post=1246"}],"curies":[{"name":"wp","href":"https:\/\/api.w.org\/{rel}","templated":true}]}}