{"id":1268,"date":"2021-03-08T08:00:00","date_gmt":"2021-03-08T08:00:00","guid":{"rendered":"http:\/\/www.afamarquesdelapobla.org\/wp\/?p=1268"},"modified":"2021-04-20T20:38:03","modified_gmt":"2021-04-20T20:38:03","slug":"seleccio-de-contes-en-motiu-del-dia-de-la-dona-treballadora","status":"publish","type":"post","link":"http:\/\/www.afamarquesdelapobla.org\/wp\/2021\/03\/08\/seleccio-de-contes-en-motiu-del-dia-de-la-dona-treballadora\/","title":{"rendered":"Selecci\u00f3 de contes en motiu del Dia de la Dona treballadora"},"content":{"rendered":"\n<p>Des de l\u2019AFA creiem que els contes s\u00f3n una eina molt poderosa per transmetre valors i a trav\u00e9s dels quals , podem contribuir contribuir a un m\u00f3n millor. Aquesta setmana, en motiu del <strong>dia de la dona treballadora<\/strong> us hem preparat una <strong>selecci\u00f3 de contes<\/strong> que tenen en compte la <strong>perspectiva de g\u00e8nere<\/strong> en les seves hist\u00f2ries, esperem que us agradin i els gaudiu en fam\u00edlia!<\/p>\n\n\n\n<div class=\"wp-block-media-text alignwide is-stacked-on-mobile\" style=\"grid-template-columns:37% auto\"><figure class=\"wp-block-media-text__media\"><img decoding=\"async\" src=\"https:\/\/lh5.googleusercontent.com\/J8QNEYMY9dgMHmuwb9Z_U1OVis9W6dma3IPvO04I2WzMZolGLMrvsNbOOXb-rglotyOWQCWcUfYKw7txrP1b48-QEjQgxaBhwzHwoxwSZo-y5I73rWnwhM471Nmd8RjjgZcFpG8\" alt=\"\"\/><\/figure><div class=\"wp-block-media-text__content\">\n<p><strong>Jo vaig amb mi&nbsp;<\/strong><\/p>\n\n\n\n<p><strong>Raquel D\u00edaz Reguera.&nbsp;<\/strong><\/p>\n\n\n\n<p>La protagonista dubta de si ha de canviar aquelles coses que formen part d\u2019ella per tal d\u2019agradar als altres\u2026 per\u00f2 aviat se\u2019n adona que ni ella mateix es reconeix.&nbsp;<\/p>\n<\/div><\/div>\n\n\n\n<p><\/p>\n\n\n\n<p><img loading=\"lazy\" decoding=\"async\" width=\"219\" height=\"189\" src=\"https:\/\/lh4.googleusercontent.com\/UIQSdUgFuEsc80xnsScCmr-3UIJ71mYO6uHcBnLiIED78etI17TTICQyy8snK23RW-MG_e06-wL6jYjlKG51vUWJF4IhI4pJ4QuZ5weQ68lDp9zkPSU0JkrCx520MY1e-4pWAao\"><\/p>\n\n\n\n<p><strong>Daniela la Pirata<\/strong><\/p>\n\n\n\n<p><strong>Susanna Isern&nbsp;<\/strong><\/p>\n\n\n\n<p>El somni de la Daniela \u00e9s convertir-se en una de les marineres del temut vaixell pirata Caiman Negre. Haur\u00e0 de superar moltes proves i malgrat sembla que per ser una noia no se li permet ser pirata, ells els demostrar\u00e0 justament tot el contrari.<\/p>\n\n\n\n<div class=\"wp-block-media-text alignwide is-stacked-on-mobile\"><figure class=\"wp-block-media-text__media\"><img decoding=\"async\" src=\"https:\/\/lh5.googleusercontent.com\/orzRFi5G4ZAj9Qta8HCNl9RT4evOisZFOgl2THzhiizZnVwbNa6SvfkoURL3yepST4Uf8CB9xdbQIMO7lTv9l8kz2SjOIuwKx8YgaYMfaKbvAmWhjmhCrbfTJi_qyCsUmRnMgNI\" alt=\"Imatge que cont\u00e9 text, au, ping\u00fc\u00ed\n\nDescripci\u00f3 generada autom\u00e0ticament\"\/><\/figure><div class=\"wp-block-media-text__content\">\n<p><\/p>\n\n\n\n<p><\/p>\n\n\n\n<p><strong>AMB LA TANGO S\u00d3N TRES.<\/strong><\/p>\n\n\n\n<p><strong>Justin Richardson i Peter Parnell<\/strong><\/p>\n\n\n\n<p>Il.lustracions: Henry Cole<\/p>\n\n\n\n<p>Basat en una hist\u00f2ria real,&nbsp;<strong><em>Amb la Tango s\u00f3n tres<\/em><\/strong>&nbsp;\u00e9s un \u00e0lbum il\u00b7lustrat que convida a la reflexi\u00f3 i segurament posa un gra de sorra per a l\u2019educaci\u00f3 en la toler\u00e0ncia. Aqu\u00ed es parla de fam\u00edlies i, en aquest sentit, es planteja que no sols n&#8217;hi ha un model v\u00e0lid.<\/p>\n<\/div><\/div>\n\n\n\n<h3 class=\"wp-block-heading\">&nbsp;<img loading=\"lazy\" decoding=\"async\" width=\"250\" height=\"355\" src=\"https:\/\/lh4.googleusercontent.com\/3wwP8WuDZb63Nj1e-vI6tplmwhxcDpdrr3Ibv2U2kVb8yNQVBYCZv3J5gNX-jOLllLuWTtkMSGn_iSoqloF1gOvlAnbCPcBa4GhUcNLcvYn6tn8virQw4IiVjZi_8PfJ7ibQD4s\"><\/h3>\n\n\n\n<h5 class=\"wp-block-heading\"><strong>INVENTORES I ELS SEUS INVENTS<\/strong><\/h5>\n\n\n\n<h5 class=\"wp-block-heading\"><strong>Aitziber Lopez&nbsp;\/&nbsp;Luciano Lozano&nbsp;<\/strong><\/h5>\n\n\n\n<p>T\u2019has fixat en tots els objectes, les m\u00e0quines i els mobles que tens al voltant? Tots han estat inventats per alg\u00fa. I n\u2019hi ha molts que van ser ideats per dones: noies que, com tu, volien millorar el m\u00f3n. Ja en sabem molt, de tot el que han fet Ells, i ara ens toca parlar d\u2019Elles.<\/p>\n\n\n\n<p><br><img loading=\"lazy\" decoding=\"async\" width=\"186\" height=\"247\" alt=\"Imatge que cont\u00e9 text\n\nDescripci\u00f3 generada autom\u00e0ticament\" src=\"https:\/\/lh5.googleusercontent.com\/8x7ci2-eMAUQgMfRbvjy9_t5hp1alKq3FDNKGJJeyV26QFW4-QZB-xUhLLeANmzzn51nN5Yq0v8mn_rMWgopYRZdw17QYtZuinb1PtaeSF2PMe-qmqlxdBaKw20H9CjKMNAEu5w\"><\/p>\n\n\n\n<p><strong>CONTES DE BONA NIT PER A NENES REBELS<\/strong><\/p>\n\n\n\n<p><strong>Ed. Estrella Polar<\/strong><\/p>\n\n\n\n<p>Hi havia una vegada cent dones que van canviar el m\u00f3n, per\u00f2 que el m\u00f3n les va ocultar i van quedar en l\u2019oblit. Gran llibre per petites i grans, per con\u00e8ixer la hist\u00f2ria que ning\u00fa ens ha explicat i per recordar que &nbsp;totes les nenes haurien de cr\u00e9ixer sabent que poden ser tot all\u00f2 que vulguin ser.<strong><br><\/strong><\/p>\n\n\n\n<p><img loading=\"lazy\" decoding=\"async\" alt=\"Imatge que cont\u00e9 text, clipArt\n\nDescripci\u00f3 generada autom\u00e0ticament\" src=\"https:\/\/lh4.googleusercontent.com\/8AmN8APY1zHprxWKKVY_eulOadsE1vNCExBfK0gpHqvl6CH0tzXs6lNNgVC7rSC6Jt_NI1C58adfaIb1yUba6QboCih2Nu-fo1Wk4x28DhYvHUrDrkr5nVZMEKUqE6mCON_BLT8\" width=\"259\" height=\"356\"><\/p>\n\n\n\n<p>CONEIXES A LA PIPPI CALCESLLARGUES?<\/p>\n\n\n\n<p><strong>Astrid Lindgren i Ingrid Vang Nyman<\/strong><\/p>\n\n\n\n<p>Totes coneixem a la Pippi: valenta , rebel i gran amiga de tots els nens i nenes. Un referent, amb esperit cr\u00edtic que ens demostra que la vida pot ser una aventura.<strong>&nbsp;<\/strong><\/p>\n\n\n\n<div class=\"wp-block-media-text alignwide is-stacked-on-mobile\" style=\"grid-template-columns:41% auto\"><figure class=\"wp-block-media-text__media\"><img decoding=\"async\" src=\"https:\/\/lh3.googleusercontent.com\/9F6lfmsrxBHCRuLr8Hb9aaLvcQi6n4UfxlFkGcSi66gz6aFErptASNe25qQ6Dz7ijv-6XXzBI9ucsitbZu1_TLuTOG58vKkBtBXvtb9GoN--1Rmgt5SBf-DXSBTJ7wDrBIk4wmY\" alt=\"Imatge que cont\u00e9 text\n\nDescripci\u00f3 generada autom\u00e0ticament\"\/><\/figure><div class=\"wp-block-media-text__content\">\n<p><strong>EL FUTURO ES FEMENINO<\/strong><\/p>\n\n\n\n<p><strong>V\u00e0ries autores<\/strong><\/p>\n\n\n\n<p>Aquest conte reuneix a grans il\u00b7lustradores de l\u2019actualitat per explicar algunes de les situacions en les que ens trobem de manera quotidiana les dones i les nenes d\u2019aquesta societat. Hist\u00f2ries de transformaci\u00f3 i apoderament.<\/p>\n<\/div><\/div>\n\n\n\n<div class=\"wp-block-media-text alignwide is-stacked-on-mobile\"><figure class=\"wp-block-media-text__media\"><img decoding=\"async\" src=\"https:\/\/lh3.googleusercontent.com\/0SSqOAFZfoZ0TgPB7y0L-YYxROUVNet92nm0RG1mVlWkW54eSFq3Hs0wGkpvOAmt8n7hTxblC89aLiPbhdDFV9RNUP7PQ2CEb9MCwkP4FBpP7tnMCGZCYFBcjxB1pvg4SAIqjhM\" alt=\"\"\/><\/figure><div class=\"wp-block-media-text__content\">\n<p><strong>PINK , EL PING\u00dc\u00cd QUE ES VA TORNAR ROSA<\/strong><\/p>\n\n\n\n<p><strong>Lynne Rickards i Margaret Charmberlain<\/strong><\/p>\n\n\n\n<p>Una hist\u00f2ria que trenca estereotips i parla sobre la import\u00e0ncia de cuidar l\u2019autoestima dels nostres fills i filles des de la pr\u00f2pia acceptaci\u00f3 d\u2019all\u00f2 que som i volem ser i en definitiva, de viure la vida en llibertat. <\/p>\n\n\n\n<p><\/p>\n<\/div><\/div>\n\n\n\n<div class=\"wp-block-media-text alignwide is-stacked-on-mobile\"><figure class=\"wp-block-media-text__media\"><img decoding=\"async\" src=\"https:\/\/lh3.googleusercontent.com\/Ebd38q9A31fhzElzNVBKbZPrEadte56UqzuUqM4tVXTZHp-jXjqM4T7XYLopvwedw3I69ZDGbW7ujF65IZkp5Su9IWmLSjJyU3RqSWFFLXag_skDM8CsjOYwPee2G-nQN5YLiKE\" alt=\"Imatge que cont\u00e9 text, clipArt\n\nDescripci\u00f3 generada autom\u00e0ticament\"\/><\/figure><div class=\"wp-block-media-text__content\">\n<p><strong>QUAN LES NENES VOLEN ALT<\/strong><\/p>\n\n\n\n<p><strong>Raquel Reguera<\/strong><\/p>\n\n\n\n<p>\u00c9s un conte que mostra que s\u2019ha de seguir endavant encara que en el cam\u00ed es trobin molts entrebancs. L\u2019<strong>Adriana<\/strong>, La&nbsp;<strong>Virginia<\/strong>&nbsp;i la&nbsp;<strong>Martina<\/strong>, que s\u00f3n les nenes protagonistes, tenen grans somnis, per\u00f2 la banda del senyor<em>&nbsp;Nohoaconseguirasp\u00e0s<\/em><strong>&nbsp;<\/strong>els ha omplert les butxaques de pedres perqu\u00e8 no puguin volar.<\/p>\n\n\n\n<p><\/p>\n<\/div><\/div>\n\n\n\n<div class=\"wp-block-media-text alignwide is-stacked-on-mobile\"><figure class=\"wp-block-media-text__media\"><img decoding=\"async\" src=\"https:\/\/lh5.googleusercontent.com\/pJaHr_1u_XAvFCwE5nLzp67U7EWLCDaRKB0dhyVgJIoiO8Dab0lqz8t4eelcZxLKBkRkItXOev7-XvgHI3hc_mQSVH-6p1F36SH7qvxzJAq4k_BXPxCOkdUUp3qlq4r-ZHFq72k\" alt=\"\"\/><\/figure><div class=\"wp-block-media-text__content\">\n<p><strong>ROSA CARAMEL<\/strong><\/p>\n\n\n\n<p><strong>Adela Turin i Nella Bosnia<\/strong><\/p>\n\n\n\n<p>En el ramat, totes les elefantes s\u00f3n de color rosa, excepte la Guillermina. Aviat descobrir\u00e0 que les del seu sexe tenen prohibit fer coses reservades nom\u00e9s pels mascles. Com que no accepta aquesta tradici\u00f3, aviat mostrar\u00e0 a les seves companyes que la igualtat no \u00e9s pas una utopia.<\/p>\n<\/div><\/div>\n","protected":false},"excerpt":{"rendered":"<p>Des de l\u2019AFA creiem que els contes s\u00f3n una eina molt poderosa per transmetre valors i a trav\u00e9s dels quals , podem contribuir contribuir a un m\u00f3n millor. Aquesta setmana, en motiu del dia de la dona treballadora us hem preparat una selecci\u00f3 de contes que tenen en compte la perspectiva de g\u00e8nere en les&hellip; <a class=\"more-link\" href=\"http:\/\/www.afamarquesdelapobla.org\/wp\/2021\/03\/08\/seleccio-de-contes-en-motiu-del-dia-de-la-dona-treballadora\/\">Read More <span class=\"screen-reader-text\">Selecci\u00f3 de contes en motiu del Dia de la Dona treballadora<\/span><\/a><\/p>\n","protected":false},"author":1,"featured_media":0,"comment_status":"open","ping_status":"open","sticky":false,"template":"","format":"standard","meta":{"footnotes":""},"categories":[1],"tags":[36],"class_list":["post-1268","post","type-post","status-publish","format-standard","hentry","category-general","tag-coeducacio"],"jetpack_featured_media_url":"","_links":{"self":[{"href":"http:\/\/www.afamarquesdelapobla.org\/wp\/wp-json\/wp\/v2\/posts\/1268","targetHints":{"allow":["GET"]}}],"collection":[{"href":"http:\/\/www.afamarquesdelapobla.org\/wp\/wp-json\/wp\/v2\/posts"}],"about":[{"href":"http:\/\/www.afamarquesdelapobla.org\/wp\/wp-json\/wp\/v2\/types\/post"}],"author":[{"embeddable":true,"href":"http:\/\/www.afamarquesdelapobla.org\/wp\/wp-json\/wp\/v2\/users\/1"}],"replies":[{"embeddable":true,"href":"http:\/\/www.afamarquesdelapobla.org\/wp\/wp-json\/wp\/v2\/comments?post=1268"}],"version-history":[{"count":0,"href":"http:\/\/www.afamarquesdelapobla.org\/wp\/wp-json\/wp\/v2\/posts\/1268\/revisions"}],"wp:attachment":[{"href":"http:\/\/www.afamarquesdelapobla.org\/wp\/wp-json\/wp\/v2\/media?parent=1268"}],"wp:term":[{"taxonomy":"category","embeddable":true,"href":"http:\/\/www.afamarquesdelapobla.org\/wp\/wp-json\/wp\/v2\/categories?post=1268"},{"taxonomy":"post_tag","embeddable":true,"href":"http:\/\/www.afamarquesdelapobla.org\/wp\/wp-json\/wp\/v2\/tags?post=1268"}],"curies":[{"name":"wp","href":"https:\/\/api.w.org\/{rel}","templated":true}]}}