{"id":1323,"date":"2021-04-30T16:23:03","date_gmt":"2021-04-30T16:23:03","guid":{"rendered":"http:\/\/www.afamarquesdelapobla.org\/wp\/?p=1323"},"modified":"2021-04-30T20:17:10","modified_gmt":"2021-04-30T20:17:10","slug":"seleccio-dels-cinc-primers-logotips","status":"publish","type":"post","link":"http:\/\/www.afamarquesdelapobla.org\/wp\/2021\/04\/30\/seleccio-dels-cinc-primers-logotips\/","title":{"rendered":"Selecci\u00f3 dels cinc primers logotips"},"content":{"rendered":"\n<p>Les persones membres del jurat ja han escollit els 5 primers logotips presentats per diverses fam\u00edlies s\u00f2cies. Moltes gr\u00e0cies a tots els membres del jurat per la vostra predisposici\u00f3 i col\u00b7laboraci\u00f3. <\/p>\n\n\n\n<p>Aprofitem la pres\u00e8ncia de <strong>l&#8217;Antonio <\/strong>com a membre del jurat per acomiadar-lo. Agra\u00efm molt\u00edssim la teva tasca durant aquest temps.  La teva estima, dedicaci\u00f3 i implicaci\u00f3 a l&#8217;escola ha estat molt gran. Et trobarem molt a faltar!!<\/p>\n\n\n\n<figure class=\"wp-block-image size-large\"><img loading=\"lazy\" decoding=\"async\" width=\"1024\" height=\"666\" src=\"http:\/\/www.afamarquesdelapobla.org\/wp\/wp-content\/uploads\/2021\/04\/jurat-1-1024x666.jpg\" alt=\"\" class=\"wp-image-1325\" srcset=\"http:\/\/www.afamarquesdelapobla.org\/wp\/wp-content\/uploads\/2021\/04\/jurat-1-1024x666.jpg 1024w, http:\/\/www.afamarquesdelapobla.org\/wp\/wp-content\/uploads\/2021\/04\/jurat-1-300x195.jpg 300w, http:\/\/www.afamarquesdelapobla.org\/wp\/wp-content\/uploads\/2021\/04\/jurat-1-768x499.jpg 768w, http:\/\/www.afamarquesdelapobla.org\/wp\/wp-content\/uploads\/2021\/04\/jurat-1-1536x998.jpg 1536w, http:\/\/www.afamarquesdelapobla.org\/wp\/wp-content\/uploads\/2021\/04\/jurat-1-461x300.jpg 461w, http:\/\/www.afamarquesdelapobla.org\/wp\/wp-content\/uploads\/2021\/04\/jurat-1.jpg 1546w\" sizes=\"auto, (max-width: 1024px) 100vw, 1024px\" \/><\/figure>\n\n\n\n<p>Aquestes s\u00f3n les cinc propostes que podreu votar a trav\u00e9s d&#8217;aquest <a href=\"https:\/\/docs.google.com\/forms\/d\/e\/1FAIpQLSfrTw_Jh0XMaGM1ItMAbcEmnQuQ68qgbHYUoYjQmw4Hp_7IpA\/viewform?usp=sf_link\" data-type=\"URL\" data-id=\"https:\/\/docs.google.com\/forms\/d\/e\/1FAIpQLSfrTw_Jh0XMaGM1ItMAbcEmnQuQ68qgbHYUoYjQmw4Hp_7IpA\/viewform?usp=sf_link\">formulari.<\/a><\/p>\n\n\n\n<p> El per\u00edode de votacions ser\u00e0 fins el dijous <strong>6 de maig.<\/strong> <\/p>\n\n\n\n<p>L&#8217;ordre de les propostes \u00e9s l&#8217;odre en qu\u00e8 van ser presentats.<\/p>\n\n\n\n<p><strong>Recordeu:<\/strong><\/p>\n\n\n\n<ul class=\"wp-block-list\"><li>Nom\u00e9s poden votar les fam\u00edlies s\u00f2cies de l&#8217;AFA<\/li><li>Ser\u00e0 v\u00e0lid un vot per fam\u00edlia<\/li><li>Un cop escollida l&#8217;opci\u00f3 guanyadora, tal i com s&#8217;especificava a les <a rel=\"noreferrer noopener\" href=\"http:\/\/www.afamarquesdelapobla.org\/wp\/2021\/03\/26\/bases-reguladores-del-concurs-de-disseny-del-nou-logotip-de-lassociacio-de-families-dalumnes-de-lescola-marques-de-la-pobla\/\" data-type=\"URL\" data-id=\"http:\/\/www.afamarquesdelapobla.org\/wp\/2021\/03\/26\/bases-reguladores-del-concurs-de-disseny-del-nou-logotip-de-lassociacio-de-families-dalumnes-de-lescola-marques-de-la-pobla\/\" target=\"_blank\">bases<\/a>, ser\u00e0 cedida a l&#8217;AFA i aquesta es reserva els drets de propietat i d&#8217;\u00fas de la proposta. <\/li><li>L&#8217;AFA es reserva el dret de reproducci\u00f3 a trav\u00e9s dels formats considerats oportuns<\/li><li>L&#8217;AFA pot modificar el logotip per tal d&#8217;optimitzar-lo per la seva posterior impressi\u00f3<\/li><\/ul>\n\n\n\n<p><strong>OPCI\u00d3 A<\/strong><\/p>\n\n\n\n<figure class=\"wp-block-image size-large\"><img loading=\"lazy\" decoding=\"async\" width=\"1024\" height=\"724\" src=\"http:\/\/www.afamarquesdelapobla.org\/wp\/wp-content\/uploads\/2021\/04\/logo_AFA_Laia-Torres-1024x724.jpg\" alt=\"\" class=\"wp-image-1326\" srcset=\"http:\/\/www.afamarquesdelapobla.org\/wp\/wp-content\/uploads\/2021\/04\/logo_AFA_Laia-Torres-1024x724.jpg 1024w, http:\/\/www.afamarquesdelapobla.org\/wp\/wp-content\/uploads\/2021\/04\/logo_AFA_Laia-Torres-300x212.jpg 300w, http:\/\/www.afamarquesdelapobla.org\/wp\/wp-content\/uploads\/2021\/04\/logo_AFA_Laia-Torres-768x543.jpg 768w, http:\/\/www.afamarquesdelapobla.org\/wp\/wp-content\/uploads\/2021\/04\/logo_AFA_Laia-Torres-1536x1086.jpg 1536w, http:\/\/www.afamarquesdelapobla.org\/wp\/wp-content\/uploads\/2021\/04\/logo_AFA_Laia-Torres-scaled.jpg 2048w, http:\/\/www.afamarquesdelapobla.org\/wp\/wp-content\/uploads\/2021\/04\/logo_AFA_Laia-Torres-424x300.jpg 424w\" sizes=\"auto, (max-width: 1024px) 100vw, 1024px\" \/><\/figure>\n\n\n\n<p><strong>OPCI\u00d3 B<\/strong><\/p>\n\n\n\n<figure class=\"wp-block-image size-large\"><img loading=\"lazy\" decoding=\"async\" width=\"1024\" height=\"768\" src=\"http:\/\/www.afamarquesdelapobla.org\/wp\/wp-content\/uploads\/2021\/04\/logo-Miriam-Gutierrez-1024x768.jpeg\" alt=\"\" class=\"wp-image-1327\" srcset=\"http:\/\/www.afamarquesdelapobla.org\/wp\/wp-content\/uploads\/2021\/04\/logo-Miriam-Gutierrez-1024x768.jpeg 1024w, http:\/\/www.afamarquesdelapobla.org\/wp\/wp-content\/uploads\/2021\/04\/logo-Miriam-Gutierrez-300x225.jpeg 300w, http:\/\/www.afamarquesdelapobla.org\/wp\/wp-content\/uploads\/2021\/04\/logo-Miriam-Gutierrez-768x576.jpeg 768w, http:\/\/www.afamarquesdelapobla.org\/wp\/wp-content\/uploads\/2021\/04\/logo-Miriam-Gutierrez-1536x1152.jpeg 1536w, http:\/\/www.afamarquesdelapobla.org\/wp\/wp-content\/uploads\/2021\/04\/logo-Miriam-Gutierrez-scaled.jpeg 2048w, http:\/\/www.afamarquesdelapobla.org\/wp\/wp-content\/uploads\/2021\/04\/logo-Miriam-Gutierrez-400x300.jpeg 400w\" sizes=\"auto, (max-width: 1024px) 100vw, 1024px\" \/><\/figure>\n\n\n\n<p><strong>OPCI\u00d3 C<\/strong><\/p>\n\n\n\n<figure class=\"wp-block-image size-large\"><img loading=\"lazy\" decoding=\"async\" width=\"743\" height=\"804\" src=\"http:\/\/www.afamarquesdelapobla.org\/wp\/wp-content\/uploads\/2021\/04\/logo-4.jpg\" alt=\"\" class=\"wp-image-1334\" srcset=\"http:\/\/www.afamarquesdelapobla.org\/wp\/wp-content\/uploads\/2021\/04\/logo-4.jpg 743w, http:\/\/www.afamarquesdelapobla.org\/wp\/wp-content\/uploads\/2021\/04\/logo-4-277x300.jpg 277w\" sizes=\"auto, (max-width: 743px) 100vw, 743px\" \/><\/figure>\n\n\n\n<p><strong>OPCI\u00d3 D<\/strong><\/p>\n\n\n\n<figure class=\"wp-block-image size-large\"><img loading=\"lazy\" decoding=\"async\" width=\"1024\" height=\"787\" src=\"http:\/\/www.afamarquesdelapobla.org\/wp\/wp-content\/uploads\/2021\/04\/IRENE-MILLAN-5B-AFA-1024x787.jpg\" alt=\"\" class=\"wp-image-1328\" srcset=\"http:\/\/www.afamarquesdelapobla.org\/wp\/wp-content\/uploads\/2021\/04\/IRENE-MILLAN-5B-AFA-1024x787.jpg 1024w, http:\/\/www.afamarquesdelapobla.org\/wp\/wp-content\/uploads\/2021\/04\/IRENE-MILLAN-5B-AFA-300x230.jpg 300w, http:\/\/www.afamarquesdelapobla.org\/wp\/wp-content\/uploads\/2021\/04\/IRENE-MILLAN-5B-AFA-768x590.jpg 768w, http:\/\/www.afamarquesdelapobla.org\/wp\/wp-content\/uploads\/2021\/04\/IRENE-MILLAN-5B-AFA-1536x1180.jpg 1536w, http:\/\/www.afamarquesdelapobla.org\/wp\/wp-content\/uploads\/2021\/04\/IRENE-MILLAN-5B-AFA-391x300.jpg 391w, http:\/\/www.afamarquesdelapobla.org\/wp\/wp-content\/uploads\/2021\/04\/IRENE-MILLAN-5B-AFA.jpg 1962w\" sizes=\"auto, (max-width: 1024px) 100vw, 1024px\" \/><\/figure>\n\n\n\n<p><strong>OPCI\u00d3 E<\/strong><\/p>\n\n\n\n<figure class=\"wp-block-image size-large\"><img loading=\"lazy\" decoding=\"async\" width=\"1024\" height=\"724\" src=\"http:\/\/www.afamarquesdelapobla.org\/wp\/wp-content\/uploads\/2021\/04\/Lopez-Castells-1024x724.jpg\" alt=\"\" class=\"wp-image-1329\" srcset=\"http:\/\/www.afamarquesdelapobla.org\/wp\/wp-content\/uploads\/2021\/04\/Lopez-Castells-1024x724.jpg 1024w, http:\/\/www.afamarquesdelapobla.org\/wp\/wp-content\/uploads\/2021\/04\/Lopez-Castells-300x212.jpg 300w, http:\/\/www.afamarquesdelapobla.org\/wp\/wp-content\/uploads\/2021\/04\/Lopez-Castells-768x543.jpg 768w, http:\/\/www.afamarquesdelapobla.org\/wp\/wp-content\/uploads\/2021\/04\/Lopez-Castells-1536x1086.jpg 1536w, http:\/\/www.afamarquesdelapobla.org\/wp\/wp-content\/uploads\/2021\/04\/Lopez-Castells-scaled.jpg 2048w, http:\/\/www.afamarquesdelapobla.org\/wp\/wp-content\/uploads\/2021\/04\/Lopez-Castells-424x300.jpg 424w\" sizes=\"auto, (max-width: 1024px) 100vw, 1024px\" \/><\/figure>\n","protected":false},"excerpt":{"rendered":"<p>Les persones membres del jurat ja han escollit els 5 primers logotips presentats per diverses fam\u00edlies s\u00f2cies. Moltes gr\u00e0cies a tots els membres del jurat per la vostra predisposici\u00f3 i col\u00b7laboraci\u00f3. Aprofitem la pres\u00e8ncia de l&#8217;Antonio com a membre del jurat per acomiadar-lo. Agra\u00efm molt\u00edssim la teva tasca durant aquest temps. La teva estima, dedicaci\u00f3&hellip; <a class=\"more-link\" href=\"http:\/\/www.afamarquesdelapobla.org\/wp\/2021\/04\/30\/seleccio-dels-cinc-primers-logotips\/\">Read More <span class=\"screen-reader-text\">Selecci\u00f3 dels cinc primers logotips<\/span><\/a><\/p>\n","protected":false},"author":1,"featured_media":0,"comment_status":"open","ping_status":"open","sticky":false,"template":"","format":"standard","meta":{"footnotes":""},"categories":[1],"tags":[44,45],"class_list":["post-1323","post","type-post","status-publish","format-standard","hentry","category-general","tag-families","tag-logotip"],"jetpack_featured_media_url":"","_links":{"self":[{"href":"http:\/\/www.afamarquesdelapobla.org\/wp\/wp-json\/wp\/v2\/posts\/1323","targetHints":{"allow":["GET"]}}],"collection":[{"href":"http:\/\/www.afamarquesdelapobla.org\/wp\/wp-json\/wp\/v2\/posts"}],"about":[{"href":"http:\/\/www.afamarquesdelapobla.org\/wp\/wp-json\/wp\/v2\/types\/post"}],"author":[{"embeddable":true,"href":"http:\/\/www.afamarquesdelapobla.org\/wp\/wp-json\/wp\/v2\/users\/1"}],"replies":[{"embeddable":true,"href":"http:\/\/www.afamarquesdelapobla.org\/wp\/wp-json\/wp\/v2\/comments?post=1323"}],"version-history":[{"count":0,"href":"http:\/\/www.afamarquesdelapobla.org\/wp\/wp-json\/wp\/v2\/posts\/1323\/revisions"}],"wp:attachment":[{"href":"http:\/\/www.afamarquesdelapobla.org\/wp\/wp-json\/wp\/v2\/media?parent=1323"}],"wp:term":[{"taxonomy":"category","embeddable":true,"href":"http:\/\/www.afamarquesdelapobla.org\/wp\/wp-json\/wp\/v2\/categories?post=1323"},{"taxonomy":"post_tag","embeddable":true,"href":"http:\/\/www.afamarquesdelapobla.org\/wp\/wp-json\/wp\/v2\/tags?post=1323"}],"curies":[{"name":"wp","href":"https:\/\/api.w.org\/{rel}","templated":true}]}}