{"id":811,"date":"2017-09-29T09:34:33","date_gmt":"2017-09-29T09:34:33","guid":{"rendered":"http:\/\/www.ampamarquesdelapobla.org\/wp\/?p=811"},"modified":"2017-09-29T09:39:20","modified_gmt":"2017-09-29T09:39:20","slug":"festa-convivim-en-familia","status":"publish","type":"post","link":"http:\/\/www.afamarquesdelapobla.org\/wp\/2017\/09\/29\/festa-convivim-en-familia\/","title":{"rendered":"Festa convivim en famil\u00eda"},"content":{"rendered":"<p><a href=\"http:\/\/www.ampamarquesdelapobla.org\/wp\/wp-content\/uploads\/2017\/09\/festa_convivim-en-familia.jpg\" target=\"_blank\" rel=\"noopener\"><img loading=\"lazy\" decoding=\"async\" class=\"alignleft wp-image-812\" src=\"http:\/\/www.ampamarquesdelapobla.org\/wp\/wp-content\/uploads\/2017\/09\/festa_convivim-en-familia-212x300.jpg\" alt=\"\" width=\"250\" height=\"353\" srcset=\"http:\/\/www.afamarquesdelapobla.org\/wp\/wp-content\/uploads\/2017\/09\/festa_convivim-en-familia-212x300.jpg 212w, http:\/\/www.afamarquesdelapobla.org\/wp\/wp-content\/uploads\/2017\/09\/festa_convivim-en-familia-768x1086.jpg 768w, http:\/\/www.afamarquesdelapobla.org\/wp\/wp-content\/uploads\/2017\/09\/festa_convivim-en-familia-724x1024.jpg 724w, http:\/\/www.afamarquesdelapobla.org\/wp\/wp-content\/uploads\/2017\/09\/festa_convivim-en-familia.jpg 1240w\" sizes=\"auto, (max-width: 250px) 100vw, 250px\" \/><\/a>Aquest <strong>CAP DE SETMANA<\/strong> us proposem celebrar l&#8217;inici de curs d&#8217;una forma diferent i esperem que tots i totes hi participeu!!<\/p>\n<p><strong>DIVENDRES 29<\/strong><\/p>\n<p>18:00 h PATIS OBERTS amb m\u00fasica per iniciar la festa.<\/p>\n<p>19:00 h IOGA EN FAM\u00cdLIA. Recomanem portar estoreta.<\/p>\n<p>20:00 h Plantada de tendes de campanya.<\/p>\n<p>20:30 h SOPAR DE CONVIV\u00c8NCIA. Cadasc\u00fa haur\u00e0 de portar de casa carmanyola amb el sopar i beguda. L&#8217;AMPA disposar\u00e0 de servei de BAR.<\/p>\n<p>22:00 h CINEMA A LA FRESCA.<\/p>\n<p>24:00 h A DORMIR. Tancament de les portes del centre i a dormir a la zona d&#8217;acampada habilitada en el centre.<\/p>\n<p><strong>DISSABTE 30<\/strong><\/p>\n<p>09:00 h ESMORZAR DE CONVIV\u00c8NCIA. Cadasc\u00fa haur\u00e0 de porta de casa l&#8217;esmorzar i la beguda. L&#8217;AMPA disposar\u00e0 de servei de BAR.<\/p>\n<p>11:00 h AJUDEM A MANTENIR L&#8217;ESCOLA tot jugant. Recomanem portar guants.<\/p>\n<p>13:00 h IOGA EN FAM\u00cdLIA. Recomanem portar estoreta.<\/p>\n<p><!--more-->14:00 h DINAR DE CONVIV\u00c8NCIA. Cadasc\u00fa haur\u00e0 de portar de casa carmanyola amb el dinar i beguda. L&#8217;AMPA disposar\u00e0 de servei de BAR.<\/p>\n<p>17:00 h PATIS OBERTS. Pintar cares, tallers de dibuix, jocs tradicionals, tornejos esportius \u2026<\/p>\n<p>20:00 h SOPAR DE CONVIV\u00c8NCIA. Cadasc\u00fa haur\u00e0 de portar de casa carmanyola amb el sopar i beguda. L&#8217;AMPA disposar\u00e0 de servei de BAR.<\/p>\n<p>21:30 h CINEMA A LA FRESCA.<\/p>\n<p>23:30 h A DORMIR. Tancament de les portes del centre i a dormir a la zona d&#8217;acampada habilitada en el centre.<\/p>\n","protected":false},"excerpt":{"rendered":"<p>Aquest CAP DE SETMANA us proposem celebrar l&#8217;inici de curs d&#8217;una forma diferent i esperem que tots i totes hi participeu!! DIVENDRES 29 18:00 h PATIS OBERTS amb m\u00fasica per iniciar la festa. 19:00 h IOGA EN FAM\u00cdLIA. Recomanem portar estoreta. 20:00 h Plantada de tendes de campanya. 20:30 h SOPAR DE CONVIV\u00c8NCIA. Cadasc\u00fa haur\u00e0&hellip; <a class=\"more-link\" href=\"http:\/\/www.afamarquesdelapobla.org\/wp\/2017\/09\/29\/festa-convivim-en-familia\/\">Read More <span class=\"screen-reader-text\">Festa convivim en famil\u00eda<\/span><\/a><\/p>\n","protected":false},"author":1,"featured_media":0,"comment_status":"open","ping_status":"open","sticky":false,"template":"","format":"standard","meta":{"footnotes":""},"categories":[1],"tags":[21,12],"class_list":["post-811","post","type-post","status-publish","format-standard","hentry","category-general","tag-escola","tag-festa"],"jetpack_featured_media_url":"","_links":{"self":[{"href":"http:\/\/www.afamarquesdelapobla.org\/wp\/wp-json\/wp\/v2\/posts\/811","targetHints":{"allow":["GET"]}}],"collection":[{"href":"http:\/\/www.afamarquesdelapobla.org\/wp\/wp-json\/wp\/v2\/posts"}],"about":[{"href":"http:\/\/www.afamarquesdelapobla.org\/wp\/wp-json\/wp\/v2\/types\/post"}],"author":[{"embeddable":true,"href":"http:\/\/www.afamarquesdelapobla.org\/wp\/wp-json\/wp\/v2\/users\/1"}],"replies":[{"embeddable":true,"href":"http:\/\/www.afamarquesdelapobla.org\/wp\/wp-json\/wp\/v2\/comments?post=811"}],"version-history":[{"count":0,"href":"http:\/\/www.afamarquesdelapobla.org\/wp\/wp-json\/wp\/v2\/posts\/811\/revisions"}],"wp:attachment":[{"href":"http:\/\/www.afamarquesdelapobla.org\/wp\/wp-json\/wp\/v2\/media?parent=811"}],"wp:term":[{"taxonomy":"category","embeddable":true,"href":"http:\/\/www.afamarquesdelapobla.org\/wp\/wp-json\/wp\/v2\/categories?post=811"},{"taxonomy":"post_tag","embeddable":true,"href":"http:\/\/www.afamarquesdelapobla.org\/wp\/wp-json\/wp\/v2\/tags?post=811"}],"curies":[{"name":"wp","href":"https:\/\/api.w.org\/{rel}","templated":true}]}}